{"id":2969,"date":"2023-10-09T09:45:21","date_gmt":"2023-10-09T07:45:21","guid":{"rendered":"https:\/\/whatmkt.com\/?p=2969"},"modified":"2024-01-10T13:39:16","modified_gmt":"2024-01-10T12:39:16","slug":"esdeveniments-empresarials","status":"publish","type":"post","link":"https:\/\/whatmkt.com\/ca\/blog\/esdeveniments-empresarials\/","title":{"rendered":"Et fan mandra els esdeveniments empresarials?"},"content":{"rendered":"<p><div class=\"fusion-fullwidth fullwidth-box fusion-builder-row-1 fusion-flex-container has-pattern-background has-mask-background nonhundred-percent-fullwidth non-hundred-percent-height-scrolling\" style=\"--awb-border-radius-top-left:0px;--awb-border-radius-top-right:0px;--awb-border-radius-bottom-right:0px;--awb-border-radius-bottom-left:0px;--awb-padding-bottom:2%;--awb-flex-wrap:wrap;\" ><div class=\"fusion-builder-row fusion-row fusion-flex-align-items-flex-start fusion-flex-content-wrap\" style=\"max-width:1435.2px;margin-left: calc(-4% \/ 2 );margin-right: calc(-4% \/ 2 );\"><div class=\"fusion-layout-column fusion_builder_column fusion-builder-column-0 fusion_builder_column_1_2 1_2 fusion-flex-column\" style=\"--awb-bg-size:cover;--awb-width-large:50%;--awb-margin-top-large:0px;--awb-spacing-right-large:3.84%;--awb-margin-bottom-large:20px;--awb-spacing-left-large:3.84%;--awb-width-medium:50%;--awb-order-medium:0;--awb-spacing-right-medium:3.84%;--awb-spacing-left-medium:3.84%;--awb-width-small:100%;--awb-order-small:0;--awb-spacing-right-small:1.92%;--awb-spacing-left-small:1.92%;\"><div class=\"fusion-column-wrapper fusion-column-has-shadow fusion-flex-justify-content-flex-start fusion-content-layout-column\"><div class=\"fusion-title title fusion-title-1 fusion-sep-none fusion-title-text fusion-title-size-two\" style=\"--awb-margin-top-small:10px;--awb-margin-bottom-small:10px;\"><h2 class=\"fusion-title-heading title-heading-left fusion-responsive-typography-calculated\" style=\"margin:0;--fontSize:35;line-height:1;\"><b>A What! gaudim organitzant esdeveniments empresarials dels que deixem empremta<\/b><\/h2><\/div><div class=\"fusion-text fusion-text-1\"><p>Els esdeveniments empresarials acostumen a fer mandra, ho sabem. Sobretot si els has de preparar compaginant-ho amb una quantitat de feina important. Si passa aix\u00f2, passen de fer mandra a ser un trencaclosques tedi\u00f3s que no s\u2019acaba mai. Si alguna d\u2019aquestes sensacions et resulta familiar, hauries de saber que des de <strong>What! Marketing<\/strong> comptem amb un departament especialitzat en l\u2019<strong>organitzaci\u00f3 d\u2019esdeveniments empresarials<\/strong> de tota mena. Ens podem encarregar de la gesti\u00f3 integral d\u2019un esdeveniment o nom\u00e9s d\u2019aquelles parts que et resultin m\u00e9s complicades de gestionar. En qualsevol cas, el nostre equip s\u2019esfor\u00e7ar\u00e0 per aconseguir un resultat \u00f2ptim que satisfaci les teves necessitats i superi les teves expectatives. <\/span><\/p>\n<\/div><\/div><\/div><div class=\"fusion-layout-column fusion_builder_column fusion-builder-column-1 fusion_builder_column_1_2 1_2 fusion-flex-column\" style=\"--awb-bg-size:cover;--awb-width-large:50%;--awb-margin-top-large:0px;--awb-spacing-right-large:3.84%;--awb-margin-bottom-large:20px;--awb-spacing-left-large:3.84%;--awb-width-medium:50%;--awb-order-medium:0;--awb-spacing-right-medium:3.84%;--awb-spacing-left-medium:3.84%;--awb-width-small:100%;--awb-order-small:0;--awb-spacing-right-small:1.92%;--awb-spacing-left-small:1.92%;\"><div class=\"fusion-column-wrapper fusion-column-has-shadow fusion-flex-justify-content-flex-start fusion-content-layout-column\"><div class=\"fusion-image-element \" style=\"--awb-caption-title-font-family:var(--h2_typography-font-family);--awb-caption-title-font-weight:var(--h2_typography-font-weight);--awb-caption-title-font-style:var(--h2_typography-font-style);--awb-caption-title-size:var(--h2_typography-font-size);--awb-caption-title-transform:var(--h2_typography-text-transform);--awb-caption-title-line-height:var(--h2_typography-line-height);--awb-caption-title-letter-spacing:var(--h2_typography-letter-spacing);\"><span class=\" fusion-imageframe imageframe-none imageframe-1 hover-type-none\"><img decoding=\"async\" width=\"1000\" height=\"666\" alt=\"esdeveniments empresarials\" title=\"eventos-empresariales-8\" src=\"https:\/\/whatmkt.com\/wp-content\/uploads\/2023\/08\/eventos-empresariales-8.jpg\" data-orig-src=\"https:\/\/whatmkt.com\/wp-content\/uploads\/2023\/08\/eventos-empresariales-8.jpg\" class=\"lazyload img-responsive wp-image-2936\" srcset=\"data:image\/svg+xml,%3Csvg%20xmlns%3D%27http%3A%2F%2Fwww.w3.org%2F2000%2Fsvg%27%20width%3D%271000%27%20height%3D%27666%27%20viewBox%3D%270%200%201000%20666%27%3E%3Crect%20width%3D%271000%27%20height%3D%27666%27%20fill-opacity%3D%220%22%2F%3E%3C%2Fsvg%3E\" data-srcset=\"https:\/\/whatmkt.com\/wp-content\/uploads\/2023\/08\/eventos-empresariales-8-200x133.jpg 200w, https:\/\/whatmkt.com\/wp-content\/uploads\/2023\/08\/eventos-empresariales-8-400x266.jpg 400w, https:\/\/whatmkt.com\/wp-content\/uploads\/2023\/08\/eventos-empresariales-8-600x400.jpg 600w, https:\/\/whatmkt.com\/wp-content\/uploads\/2023\/08\/eventos-empresariales-8-800x533.jpg 800w, https:\/\/whatmkt.com\/wp-content\/uploads\/2023\/08\/eventos-empresariales-8.jpg 1000w\" data-sizes=\"auto\" data-orig-sizes=\"(max-width: 740px) 100vw, 800px\" \/><\/span><\/div><\/div><\/div><\/div><\/div><div class=\"fusion-fullwidth fullwidth-box fusion-builder-row-2 fusion-flex-container has-pattern-background has-mask-background nonhundred-percent-fullwidth non-hundred-percent-height-scrolling\" style=\"--awb-border-radius-top-left:0px;--awb-border-radius-top-right:0px;--awb-border-radius-bottom-right:0px;--awb-border-radius-bottom-left:0px;--awb-padding-top:2%;--awb-padding-bottom:2%;--awb-flex-wrap:wrap;\" ><div class=\"fusion-builder-row fusion-row fusion-flex-align-items-flex-start fusion-flex-content-wrap\" style=\"max-width:1435.2px;margin-left: calc(-4% \/ 2 );margin-right: calc(-4% \/ 2 );\"><div class=\"fusion-layout-column fusion_builder_column fusion-builder-column-2 fusion_builder_column_1_2 1_2 fusion-flex-column\" style=\"--awb-bg-size:cover;--awb-width-large:50%;--awb-margin-top-large:0px;--awb-spacing-right-large:3.84%;--awb-margin-bottom-large:20px;--awb-spacing-left-large:3.84%;--awb-width-medium:50%;--awb-order-medium:0;--awb-spacing-right-medium:3.84%;--awb-spacing-left-medium:3.84%;--awb-width-small:100%;--awb-order-small:1;--awb-spacing-right-small:1.92%;--awb-spacing-left-small:1.92%;\"><div class=\"fusion-column-wrapper fusion-column-has-shadow fusion-flex-justify-content-flex-start fusion-content-layout-column\"><div class=\"fusion-image-element \" style=\"--awb-caption-title-font-family:var(--h2_typography-font-family);--awb-caption-title-font-weight:var(--h2_typography-font-weight);--awb-caption-title-font-style:var(--h2_typography-font-style);--awb-caption-title-size:var(--h2_typography-font-size);--awb-caption-title-transform:var(--h2_typography-text-transform);--awb-caption-title-line-height:var(--h2_typography-line-height);--awb-caption-title-letter-spacing:var(--h2_typography-letter-spacing);\"><span class=\" fusion-imageframe imageframe-none imageframe-2 hover-type-none\"><img decoding=\"async\" width=\"1000\" height=\"666\" alt=\"esdeveniments empresarials\" title=\"eventos-empresariales-7\" src=\"https:\/\/whatmkt.com\/wp-content\/uploads\/2023\/08\/eventos-empresariales-7.jpg\" data-orig-src=\"https:\/\/whatmkt.com\/wp-content\/uploads\/2023\/08\/eventos-empresariales-7.jpg\" class=\"lazyload img-responsive wp-image-2942\" srcset=\"data:image\/svg+xml,%3Csvg%20xmlns%3D%27http%3A%2F%2Fwww.w3.org%2F2000%2Fsvg%27%20width%3D%271000%27%20height%3D%27666%27%20viewBox%3D%270%200%201000%20666%27%3E%3Crect%20width%3D%271000%27%20height%3D%27666%27%20fill-opacity%3D%220%22%2F%3E%3C%2Fsvg%3E\" data-srcset=\"https:\/\/whatmkt.com\/wp-content\/uploads\/2023\/08\/eventos-empresariales-7-200x133.jpg 200w, https:\/\/whatmkt.com\/wp-content\/uploads\/2023\/08\/eventos-empresariales-7-400x266.jpg 400w, https:\/\/whatmkt.com\/wp-content\/uploads\/2023\/08\/eventos-empresariales-7-600x400.jpg 600w, https:\/\/whatmkt.com\/wp-content\/uploads\/2023\/08\/eventos-empresariales-7-800x533.jpg 800w, https:\/\/whatmkt.com\/wp-content\/uploads\/2023\/08\/eventos-empresariales-7.jpg 1000w\" data-sizes=\"auto\" data-orig-sizes=\"(max-width: 740px) 100vw, 800px\" \/><\/span><\/div><div class=\"fusion-separator fusion-full-width-sep\" style=\"align-self: center;margin-left: auto;margin-right: auto;margin-top:10px;width:100%;\"><\/div><div style=\"text-align:center;\"><a class=\"fusion-button button-flat fusion-button-default-size button-default fusion-button-default button-1 fusion-button-default-span fusion-button-default-type\" target=\"_self\" href=\"https:\/\/whatmkt.com\/ca\/agencia-organitzadora-esdeveniments\/\"><span class=\"fusion-button-text awb-button__text awb-button__text--default\">What: ag\u00e8ncia organitzadora d\u2019esdeveniments<\/span><\/a><\/div><\/div><\/div><div class=\"fusion-layout-column fusion_builder_column fusion-builder-column-3 fusion_builder_column_1_2 1_2 fusion-flex-column\" style=\"--awb-bg-size:cover;--awb-width-large:50%;--awb-margin-top-large:0px;--awb-spacing-right-large:3.84%;--awb-margin-bottom-large:20px;--awb-spacing-left-large:3.84%;--awb-width-medium:50%;--awb-order-medium:0;--awb-spacing-right-medium:3.84%;--awb-spacing-left-medium:3.84%;--awb-width-small:100%;--awb-order-small:0;--awb-spacing-right-small:1.92%;--awb-spacing-left-small:1.92%;\"><div class=\"fusion-column-wrapper fusion-column-has-shadow fusion-flex-justify-content-flex-start fusion-content-layout-column\"><div class=\"fusion-title title fusion-title-2 fusion-sep-none fusion-title-text fusion-title-size-two\" style=\"--awb-margin-top-small:10px;--awb-margin-bottom-small:10px;\"><h2 class=\"fusion-title-heading title-heading-left fusion-responsive-typography-calculated\" style=\"margin:0;--fontSize:35;line-height:1;\"><b>Quina mena d\u2019esdeveniments empresarials et podem organitzar&#8230;<\/b><\/h2><\/div><div class=\"fusion-text fusion-text-2\"><p>El m\u00f3n dels esdeveniments empresarials \u00e9s molt ampli i pot incloure esdeveniments de naturalesa molt diversa. A <strong>What! Marketing<\/strong> podem assumir la gesti\u00f3 i organitzaci\u00f3 de qualsevol mena d\u2019esdeveniment. A continuaci\u00f3, et deixem una llista de diferents tipus per si algun pot encaixar amb all\u00f2 que tens en ment i et fa tanta mandra organitzar. <\/span><\/p>\n<\/div><div class=\"accordian fusion-accordian\" style=\"--awb-border-size:1px;--awb-icon-size:16px;--awb-content-font-size:15px;--awb-icon-alignment:left;--awb-hover-color:var(--awb-color2);--awb-border-color:var(--awb-color3);--awb-background-color:var(--awb-color1);--awb-divider-color:var(--awb-color3);--awb-divider-hover-color:var(--awb-color3);--awb-icon-color:var(--awb-color1);--awb-title-color:var(--awb-color7);--awb-content-color:var(--awb-color7);--awb-icon-box-color:var(--awb-color6);--awb-toggle-hover-accent-color:var(--awb-color4);--awb-title-font-family:&quot;Hanken Grotesk&quot;;--awb-title-font-weight:400;--awb-title-font-style:normal;--awb-title-font-size:15px;--awb-content-font-family:&quot;Hanken Grotesk&quot;;--awb-content-font-style:normal;--awb-content-font-weight:400;\"><div class=\"panel-group fusion-toggle-icon-boxed\" id=\"accordion-2969-1\"><div class=\"fusion-panel panel-default panel-37d11882d4fef4317 fusion-toggle-has-divider\" style=\"--awb-title-color:var(--awb-color7);--awb-content-color:var(--awb-color7);\"><div class=\"panel-heading\"><h3 class=\"panel-title toggle\" id=\"toggle_37d11882d4fef4317\"><a aria-expanded=\"false\" aria-controls=\"37d11882d4fef4317\" role=\"button\" data-toggle=\"collapse\" data-parent=\"#accordion-2969-1\" data-target=\"#37d11882d4fef4317\" href=\"#37d11882d4fef4317\"><span class=\"fusion-toggle-icon-wrapper\" aria-hidden=\"true\"><i class=\"fa-fusion-box active-icon awb-icon-minus\" aria-hidden=\"true\"><\/i><i class=\"fa-fusion-box inactive-icon awb-icon-plus\" aria-hidden=\"true\"><\/i><\/span><span class=\"fusion-toggle-heading\">Presentaci\u00f3 de resultats i projectes per a l\u2019any nou<\/span><\/a><\/h3><\/div><div id=\"37d11882d4fef4317\" class=\"panel-collapse collapse \" aria-labelledby=\"toggle_37d11882d4fef4317\"><div class=\"panel-body toggle-content fusion-clearfix\">\n<p>Quan s\u2019acosta l\u2019\u00faltim trimestre de l\u2019any, comen\u00e7a a ser el moment de fer balan\u00e7 i d\u2019analitzar si s\u2019han aconseguir els reptes o metes plantejats. Tamb\u00e9 \u00e9s el moment de dibuixar les directrius o l\u00ednies d\u2019actuaci\u00f3 que determinaran el full de ruta dels propers mesos. Aquest balan\u00e7 de resultats i la presentaci\u00f3 dels nous objectius es pot fer de manera simple i tradicional, en una sala de reunions, o es pot convertir en un esdeveniment empresarials del qual se\u2019n pot fer part\u00edcip tot l\u2019equip.<\/p>\n<\/div><\/div><\/div><div class=\"fusion-panel panel-default panel-c96578103b98a253c fusion-toggle-has-divider\" style=\"--awb-title-color:var(--awb-color7);--awb-content-color:var(--awb-color7);\"><div class=\"panel-heading\"><h3 class=\"panel-title toggle\" id=\"toggle_c96578103b98a253c\"><a aria-expanded=\"false\" aria-controls=\"c96578103b98a253c\" role=\"button\" data-toggle=\"collapse\" data-parent=\"#accordion-2969-1\" data-target=\"#c96578103b98a253c\" href=\"#c96578103b98a253c\"><span class=\"fusion-toggle-icon-wrapper\" aria-hidden=\"true\"><i class=\"fa-fusion-box active-icon awb-icon-minus\" aria-hidden=\"true\"><\/i><i class=\"fa-fusion-box inactive-icon awb-icon-plus\" aria-hidden=\"true\"><\/i><\/span><span class=\"fusion-toggle-heading\">Presentaci\u00f3 de productes<\/span><\/a><\/h3><\/div><div id=\"c96578103b98a253c\" class=\"panel-collapse collapse \" aria-labelledby=\"toggle_c96578103b98a253c\"><div class=\"panel-body toggle-content fusion-clearfix\">\n<p>El llan\u00e7ament d\u2019un nou producte o servei sempre \u00e9s un moment important per a qualsevol empresa, ja que darrere d\u2019aquest fet hi ha molts mesos d\u2019esfor\u00e7 i dedicaci\u00f3. Com tot, es pot fer de manera simple o b\u00e9 organitzant un esdeveniment que li doni la solemnitat i el protagonisme que mereix el nou producte o servei. Si vols generar expectativa per aconseguir que la presentaci\u00f3 dels teus productes o serveis sigui un \u00e8xit i generar una revoluci\u00f3 amb un esdeveniment fresc, atrevit i innovador, has de comptar amb nosaltres.<\/p>\n<\/div><\/div><\/div><div class=\"fusion-panel panel-default panel-1bbf667aacaddc307 fusion-toggle-has-divider\" style=\"--awb-title-color:var(--awb-color7);--awb-content-color:var(--awb-color7);\"><div class=\"panel-heading\"><h3 class=\"panel-title toggle\" id=\"toggle_1bbf667aacaddc307\"><a aria-expanded=\"false\" aria-controls=\"1bbf667aacaddc307\" role=\"button\" data-toggle=\"collapse\" data-parent=\"#accordion-2969-1\" data-target=\"#1bbf667aacaddc307\" href=\"#1bbf667aacaddc307\"><span class=\"fusion-toggle-icon-wrapper\" aria-hidden=\"true\"><i class=\"fa-fusion-box active-icon awb-icon-minus\" aria-hidden=\"true\"><\/i><i class=\"fa-fusion-box inactive-icon awb-icon-plus\" aria-hidden=\"true\"><\/i><\/span><span class=\"fusion-toggle-heading\">Presentaci\u00f3 de nova marca<\/span><\/a><\/h3><\/div><div id=\"1bbf667aacaddc307\" class=\"panel-collapse collapse \" aria-labelledby=\"toggle_1bbf667aacaddc307\"><div class=\"panel-body toggle-content fusion-clearfix\">\n<p>Moltes de les empreses que fa temps que s\u00f3n al mercat, cada certs anys aposten per actualitzar o modernitzar la seva marca. Els restylings i rebrandings de marques estan de moda. Algunes empreses aprofiten nous canvis en la direcci\u00f3 o aniversaris per fer aquests canvis. Si \u00e9s una cosa que tens en ment i vols fer-la com d\u00e9u mana, el teu canvi es pot presentar i donar-se a con\u00e8ixer amb un esdeveniment corporatiu extraordinari i What! et pot ajudar a aconseguir-ho.<\/p>\n<\/div><\/div><\/div><div class=\"fusion-panel panel-default panel-c52610ab29288f03e fusion-toggle-has-divider\" style=\"--awb-title-color:var(--awb-color7);--awb-content-color:var(--awb-color7);\"><div class=\"panel-heading\"><h3 class=\"panel-title toggle\" id=\"toggle_c52610ab29288f03e\"><a aria-expanded=\"false\" aria-controls=\"c52610ab29288f03e\" role=\"button\" data-toggle=\"collapse\" data-parent=\"#accordion-2969-1\" data-target=\"#c52610ab29288f03e\" href=\"#c52610ab29288f03e\"><span class=\"fusion-toggle-icon-wrapper\" aria-hidden=\"true\"><i class=\"fa-fusion-box active-icon awb-icon-minus\" aria-hidden=\"true\"><\/i><i class=\"fa-fusion-box inactive-icon awb-icon-plus\" aria-hidden=\"true\"><\/i><\/span><span class=\"fusion-toggle-heading\">Aniversaris i commemoracions<\/span><\/a><\/h3><\/div><div id=\"c52610ab29288f03e\" class=\"panel-collapse collapse \" aria-labelledby=\"toggle_c52610ab29288f03e\"><div class=\"panel-body toggle-content fusion-clearfix\">\n<p>El centenari, la d\u00e8cada o els vint-i-cinc anys s\u00f3n dates que moltes empreses celebren. Si tens un aniversari o commemoraci\u00f3 propers i voldries fer quelcom especial, per\u00f2 no tens ni idea de qu\u00e8 pots fer, t\u2019animem a que ens donis l\u2019oportunitat de fer m\u00e0gia.<\/p>\n<\/div><\/div><\/div><div class=\"fusion-panel panel-default panel-48059299370bcbde0 fusion-toggle-has-divider\" style=\"--awb-title-color:var(--awb-color7);--awb-content-color:var(--awb-color7);\"><div class=\"panel-heading\"><h3 class=\"panel-title toggle\" id=\"toggle_48059299370bcbde0\"><a aria-expanded=\"false\" aria-controls=\"48059299370bcbde0\" role=\"button\" data-toggle=\"collapse\" data-parent=\"#accordion-2969-1\" data-target=\"#48059299370bcbde0\" href=\"#48059299370bcbde0\"><span class=\"fusion-toggle-icon-wrapper\" aria-hidden=\"true\"><i class=\"fa-fusion-box active-icon awb-icon-minus\" aria-hidden=\"true\"><\/i><i class=\"fa-fusion-box inactive-icon awb-icon-plus\" aria-hidden=\"true\"><\/i><\/span><span class=\"fusion-toggle-heading\">Teambuildings <\/span><\/a><\/h3><\/div><div id=\"48059299370bcbde0\" class=\"panel-collapse collapse \" aria-labelledby=\"toggle_48059299370bcbde0\"><div class=\"panel-body toggle-content fusion-clearfix\">\n<p>Per mantenir el teu equip cohesionat i motivat. Cada cop s\u00f3n m\u00e9s les empreses que opten per organitzar de manera peri\u00f2dica aquesta classe d\u2019activitats. El m\u00e9s habitual \u00e9s fer-les a l\u2019estiu o a finals d\u2019any, per agrair al teu equip l\u2019esfor\u00e7 i el sacrifici que han fet per aconseguir els objectius compartits i els seu comprom\u00eds amb l\u2019empresa.<\/p>\n<\/div><\/div><\/div><\/div><\/div><\/div><\/div><\/div><\/div><div class=\"fusion-fullwidth fullwidth-box fusion-builder-row-3 fusion-flex-container has-pattern-background has-mask-background nonhundred-percent-fullwidth non-hundred-percent-height-scrolling\" style=\"--awb-border-radius-top-left:0px;--awb-border-radius-top-right:0px;--awb-border-radius-bottom-right:0px;--awb-border-radius-bottom-left:0px;--awb-padding-top:2%;--awb-padding-bottom:2%;--awb-flex-wrap:wrap;\" ><div class=\"fusion-builder-row fusion-row fusion-flex-align-items-flex-start fusion-flex-content-wrap\" style=\"max-width:1435.2px;margin-left: calc(-4% \/ 2 );margin-right: calc(-4% \/ 2 );\"><div class=\"fusion-layout-column fusion_builder_column fusion-builder-column-4 fusion_builder_column_1_2 1_2 fusion-flex-column\" style=\"--awb-bg-size:cover;--awb-width-large:50%;--awb-margin-top-large:0px;--awb-spacing-right-large:3.84%;--awb-margin-bottom-large:20px;--awb-spacing-left-large:3.84%;--awb-width-medium:50%;--awb-order-medium:0;--awb-spacing-right-medium:3.84%;--awb-spacing-left-medium:3.84%;--awb-width-small:100%;--awb-order-small:0;--awb-spacing-right-small:1.92%;--awb-spacing-left-small:1.92%;\"><div class=\"fusion-column-wrapper fusion-column-has-shadow fusion-flex-justify-content-flex-start fusion-content-layout-column\"><div class=\"fusion-title title fusion-title-3 fusion-sep-none fusion-title-text fusion-title-size-three\" style=\"--awb-margin-top-small:10px;--awb-margin-bottom-small:10px;\"><h3 class=\"fusion-title-heading title-heading-left fusion-responsive-typography-calculated\" style=\"margin:0;--fontSize:30;line-height:1;\"><b>On organitzem esdeveniments empresarials?<\/b><\/h3><\/div><div class=\"fusion-text fusion-text-3\"><p>Doncs ens adaptem a all\u00f2 que \u00e9s millor per aconseguir que l\u2019esdeveniment brilli al m\u00e0xim. Si tens unes instal\u00b7lacions pr\u00f2pies adequades i vols que l\u2019esdeveniment se celebri all\u00e0, ens podem encarregar d\u2019aconseguir tot el necessari per fer-ho possible. Si al contrari, tens ganes de poder sortir de la teva empresa i necessites buscar un espai extern, que compleixi certs requisits, des de <strong>What! Marketing<\/strong> el trobarem. I, si en canvi, prefereixes un h\u00edbrid, amb una primera part que passi a les teves instal\u00b7lacions i una segona part que tingui lloc fora, tamb\u00e9 ho podem fer possible.<\/span><\/p>\n<p>Des de <strong>What!<\/strong> podem aconseguir espais sobris i sofisticats i tamb\u00e9 llocs de somni que aconsegueixin deixar amb la boca oberta els convidats al teu esdeveniment empresarial. Recorda que superar les teves expectatives \u00e9s un dels nostres objectius.\u00a0<\/span><\/p>\n<\/div><\/div><\/div><div class=\"fusion-layout-column fusion_builder_column fusion-builder-column-5 fusion_builder_column_1_2 1_2 fusion-flex-column\" style=\"--awb-bg-size:cover;--awb-width-large:50%;--awb-margin-top-large:0px;--awb-spacing-right-large:3.84%;--awb-margin-bottom-large:20px;--awb-spacing-left-large:3.84%;--awb-width-medium:50%;--awb-order-medium:0;--awb-spacing-right-medium:3.84%;--awb-spacing-left-medium:3.84%;--awb-width-small:100%;--awb-order-small:0;--awb-spacing-right-small:1.92%;--awb-spacing-left-small:1.92%;\"><div class=\"fusion-column-wrapper fusion-column-has-shadow fusion-flex-justify-content-flex-start fusion-content-layout-column\"><div class=\"fusion-image-element \" style=\"--awb-max-width:700x400;--awb-caption-title-font-family:var(--h2_typography-font-family);--awb-caption-title-font-weight:var(--h2_typography-font-weight);--awb-caption-title-font-style:var(--h2_typography-font-style);--awb-caption-title-size:var(--h2_typography-font-size);--awb-caption-title-transform:var(--h2_typography-text-transform);--awb-caption-title-line-height:var(--h2_typography-line-height);--awb-caption-title-letter-spacing:var(--h2_typography-letter-spacing);\"><span class=\" fusion-imageframe imageframe-none imageframe-3 hover-type-none\"><img decoding=\"async\" width=\"1000\" height=\"700\" alt=\"esdeveniments empresarials\" title=\"empresario-corporativo-dando-presentacion-gran-audiencia (2)\" src=\"https:\/\/whatmkt.com\/wp-content\/uploads\/2023\/10\/empresario-corporativo-dando-presentacion-gran-audiencia-2.jpg\" data-orig-src=\"https:\/\/whatmkt.com\/wp-content\/uploads\/2023\/10\/empresario-corporativo-dando-presentacion-gran-audiencia-2.jpg\" class=\"lazyload img-responsive wp-image-3469\" srcset=\"data:image\/svg+xml,%3Csvg%20xmlns%3D%27http%3A%2F%2Fwww.w3.org%2F2000%2Fsvg%27%20width%3D%271000%27%20height%3D%27700%27%20viewBox%3D%270%200%201000%20700%27%3E%3Crect%20width%3D%271000%27%20height%3D%27700%27%20fill-opacity%3D%220%22%2F%3E%3C%2Fsvg%3E\" data-srcset=\"https:\/\/whatmkt.com\/wp-content\/uploads\/2023\/10\/empresario-corporativo-dando-presentacion-gran-audiencia-2-200x140.jpg 200w, https:\/\/whatmkt.com\/wp-content\/uploads\/2023\/10\/empresario-corporativo-dando-presentacion-gran-audiencia-2-400x280.jpg 400w, https:\/\/whatmkt.com\/wp-content\/uploads\/2023\/10\/empresario-corporativo-dando-presentacion-gran-audiencia-2-600x420.jpg 600w, https:\/\/whatmkt.com\/wp-content\/uploads\/2023\/10\/empresario-corporativo-dando-presentacion-gran-audiencia-2-800x560.jpg 800w, https:\/\/whatmkt.com\/wp-content\/uploads\/2023\/10\/empresario-corporativo-dando-presentacion-gran-audiencia-2.jpg 1000w\" data-sizes=\"auto\" data-orig-sizes=\"(max-width: 740px) 100vw, 800px\" \/><\/span><\/div><\/div><\/div><\/div><\/div><div class=\"fusion-fullwidth fullwidth-box fusion-builder-row-4 fusion-flex-container has-pattern-background has-mask-background nonhundred-percent-fullwidth non-hundred-percent-height-scrolling\" style=\"--awb-border-radius-top-left:0px;--awb-border-radius-top-right:0px;--awb-border-radius-bottom-right:0px;--awb-border-radius-bottom-left:0px;--awb-padding-top:2%;--awb-padding-bottom:2%;--awb-flex-wrap:wrap;\" ><div class=\"fusion-builder-row fusion-row fusion-flex-align-items-center fusion-flex-content-wrap\" style=\"max-width:1435.2px;margin-left: calc(-4% \/ 2 );margin-right: calc(-4% \/ 2 );\"><div class=\"fusion-layout-column fusion_builder_column fusion-builder-column-6 fusion_builder_column_1_2 1_2 fusion-flex-column\" style=\"--awb-bg-size:cover;--awb-width-large:50%;--awb-margin-top-large:0px;--awb-spacing-right-large:3.84%;--awb-margin-bottom-large:20px;--awb-spacing-left-large:3.84%;--awb-width-medium:50%;--awb-order-medium:0;--awb-spacing-right-medium:3.84%;--awb-spacing-left-medium:3.84%;--awb-width-small:100%;--awb-order-small:1;--awb-spacing-right-small:1.92%;--awb-spacing-left-small:1.92%;\"><div class=\"fusion-column-wrapper fusion-column-has-shadow fusion-flex-justify-content-flex-start fusion-content-layout-column\"><div class=\"fusion-image-element \" style=\"--awb-caption-title-font-family:var(--h2_typography-font-family);--awb-caption-title-font-weight:var(--h2_typography-font-weight);--awb-caption-title-font-style:var(--h2_typography-font-style);--awb-caption-title-size:var(--h2_typography-font-size);--awb-caption-title-transform:var(--h2_typography-text-transform);--awb-caption-title-line-height:var(--h2_typography-line-height);--awb-caption-title-letter-spacing:var(--h2_typography-letter-spacing);\"><span class=\" fusion-imageframe imageframe-none imageframe-4 hover-type-none\"><img decoding=\"async\" width=\"1000\" height=\"666\" alt=\"esdeveniments empresarials\" title=\"eventos-empresariales-5\" src=\"https:\/\/whatmkt.com\/wp-content\/uploads\/2023\/08\/eventos-empresariales-5.jpg\" data-orig-src=\"https:\/\/whatmkt.com\/wp-content\/uploads\/2023\/08\/eventos-empresariales-5.jpg\" class=\"lazyload img-responsive wp-image-2944\" srcset=\"data:image\/svg+xml,%3Csvg%20xmlns%3D%27http%3A%2F%2Fwww.w3.org%2F2000%2Fsvg%27%20width%3D%271000%27%20height%3D%27666%27%20viewBox%3D%270%200%201000%20666%27%3E%3Crect%20width%3D%271000%27%20height%3D%27666%27%20fill-opacity%3D%220%22%2F%3E%3C%2Fsvg%3E\" data-srcset=\"https:\/\/whatmkt.com\/wp-content\/uploads\/2023\/08\/eventos-empresariales-5-200x133.jpg 200w, https:\/\/whatmkt.com\/wp-content\/uploads\/2023\/08\/eventos-empresariales-5-400x266.jpg 400w, https:\/\/whatmkt.com\/wp-content\/uploads\/2023\/08\/eventos-empresariales-5-600x400.jpg 600w, https:\/\/whatmkt.com\/wp-content\/uploads\/2023\/08\/eventos-empresariales-5-800x533.jpg 800w, https:\/\/whatmkt.com\/wp-content\/uploads\/2023\/08\/eventos-empresariales-5.jpg 1000w\" data-sizes=\"auto\" data-orig-sizes=\"(max-width: 740px) 100vw, 800px\" \/><\/span><\/div><\/div><\/div><div class=\"fusion-layout-column fusion_builder_column fusion-builder-column-7 fusion_builder_column_1_2 1_2 fusion-flex-column\" style=\"--awb-bg-size:cover;--awb-width-large:50%;--awb-margin-top-large:0px;--awb-spacing-right-large:3.84%;--awb-margin-bottom-large:20px;--awb-spacing-left-large:3.84%;--awb-width-medium:50%;--awb-order-medium:0;--awb-spacing-right-medium:3.84%;--awb-spacing-left-medium:3.84%;--awb-width-small:100%;--awb-order-small:0;--awb-spacing-right-small:1.92%;--awb-spacing-left-small:1.92%;\"><div class=\"fusion-column-wrapper fusion-column-has-shadow fusion-flex-justify-content-flex-start fusion-content-layout-column\"><div class=\"fusion-title title fusion-title-4 fusion-sep-none fusion-title-text fusion-title-size-three\" style=\"--awb-margin-top-small:10px;--awb-margin-bottom-small:10px;\"><h3 class=\"fusion-title-heading title-heading-left fusion-responsive-typography-calculated\" style=\"margin:0;--fontSize:30;line-height:1;\"><b>Ens encarreguem de TOT<\/b><\/h3><\/div><div class=\"fusion-text fusion-text-4\"><p>En un esdeveniment empresarial poden entrar en joc moltes variables: pantalles, equips de projecci\u00f3 d\u2019audiovisuals, streaming, gravacions, c\u00e0terings, material commemoratiu de la jornada, sonoritzaci\u00f3 i microfonia\u2026 i com m\u00e9s creatiu sigui l\u2019esdeveniment, m\u00e9s atrezzo, decoraci\u00f3 i coses sorprenents hi hauran. De tot aix\u00f2, ens en podem ocupar nosaltres.<\/span><\/p>\n<p>Et proposarem diferents opcions que encaixen a la perfecci\u00f3 amb els teus requisits i pressupost perqu\u00e8 puguis escollir la que m\u00e9s t\u2019agradi. De coordinar la log\u00edstica pr\u00f2pia de l\u2019esdeveniment corporatiu tamb\u00e9 ens n\u2019encarregarem nosaltres i d\u2019estar all\u00e0 quan arribin els del c\u00e0tering, d\u2019estar al cas de les intoler\u00e0ncies i les al\u00b7l\u00e8rgies o de coordinar les proves de so i projeccions amb <\/span><a href=\"https:\/\/actuagrup.com\/\" target=\"_blank\" rel=\"noopener\">ACTUA<\/span><\/a>, el nostre partner per a aquesta mena d\u2019esdeveniments.<\/span><\/p>\n<\/div><\/div><\/div><\/div><\/div><div class=\"fusion-fullwidth fullwidth-box fusion-builder-row-5 fusion-flex-container has-pattern-background has-mask-background nonhundred-percent-fullwidth non-hundred-percent-height-scrolling\" style=\"--awb-border-radius-top-left:0px;--awb-border-radius-top-right:0px;--awb-border-radius-bottom-right:0px;--awb-border-radius-bottom-left:0px;--awb-padding-top:2%;--awb-padding-bottom:2%;--awb-background-color:var(--awb-color2);--awb-flex-wrap:wrap;\" ><div class=\"fusion-builder-row fusion-row fusion-flex-align-items-flex-start fusion-flex-content-wrap\" style=\"max-width:1435.2px;margin-left: calc(-4% \/ 2 );margin-right: calc(-4% \/ 2 );\"><div class=\"fusion-layout-column fusion_builder_column fusion-builder-column-8 fusion_builder_column_1_1 1_1 fusion-flex-column\" style=\"--awb-bg-size:cover;--awb-width-large:100%;--awb-margin-top-large:0px;--awb-spacing-right-large:1.92%;--awb-margin-bottom-large:20px;--awb-spacing-left-large:1.92%;--awb-width-medium:100%;--awb-order-medium:0;--awb-spacing-right-medium:1.92%;--awb-spacing-left-medium:1.92%;--awb-width-small:100%;--awb-order-small:0;--awb-spacing-right-small:1.92%;--awb-spacing-left-small:1.92%;\"><div class=\"fusion-column-wrapper fusion-column-has-shadow fusion-flex-justify-content-flex-start fusion-content-layout-column\"><div class=\"fusion-title title fusion-title-5 fusion-sep-none fusion-title-text fusion-title-size-three\" style=\"--awb-margin-top-small:10px;--awb-margin-bottom-small:10px;\"><h3 class=\"fusion-title-heading title-heading-left fusion-responsive-typography-calculated\" style=\"margin:0;--fontSize:30;line-height:1;\"><b>Diga\u2019ns el dia i l\u2019hora i de la resta ens n\u2019ocupem nosaltres<\/b><\/h3><\/div><div class=\"fusion-text fusion-text-5\"><p>Si est\u00e0s interessat en qu\u00e8 <strong>What! Marketing<\/strong> posi a la teva disposici\u00f3 el seu servei d\u2019organitzaci\u00f3 d\u2019esdeveniments empresarials, nom\u00e9s has de contactar amb nosaltres. Pots omplir el formulari que trobar\u00e0s a la nostra p\u00e0gina web o, si ho prefereixes, truca\u2019ns. Explica\u2019ns qu\u00e8 necessites o qu\u00e8 vols organitzar, quin dia ha de ser i a quina hora. De la resta ens n\u2019ocuparem nosaltres, per\u00f2 ja t\u2019avisem que et sorprendrem!<\/span><\/p>\n<\/div><div style=\"text-align:center;\"><a class=\"fusion-button button-flat fusion-button-default-size button-default fusion-button-default button-2 fusion-button-default-span fusion-button-default-type\" target=\"_self\" href=\"https:\/\/whatmkt.com\/ca\/contacte\/\"><span class=\"fusion-button-text awb-button__text awb-button__text--default\">Vull que What! faci m\u00e0gia amb el meu esdeveniment empresarial<\/span><\/a><\/div><\/div><\/div><\/div><\/div><\/p>\n","protected":false},"excerpt":{"rendered":"","protected":false},"author":1,"featured_media":3093,"comment_status":"open","ping_status":"open","sticky":false,"template":"","format":"standard","meta":{"footnotes":""},"categories":[50],"tags":[],"class_list":["post-2969","post","type-post","status-publish","format-standard","has-post-thumbnail","hentry","category-blog"],"_links":{"self":[{"href":"https:\/\/whatmkt.com\/ca\/wp-json\/wp\/v2\/posts\/2969","targetHints":{"allow":["GET"]}}],"collection":[{"href":"https:\/\/whatmkt.com\/ca\/wp-json\/wp\/v2\/posts"}],"about":[{"href":"https:\/\/whatmkt.com\/ca\/wp-json\/wp\/v2\/types\/post"}],"author":[{"embeddable":true,"href":"https:\/\/whatmkt.com\/ca\/wp-json\/wp\/v2\/users\/1"}],"replies":[{"embeddable":true,"href":"https:\/\/whatmkt.com\/ca\/wp-json\/wp\/v2\/comments?post=2969"}],"version-history":[{"count":25,"href":"https:\/\/whatmkt.com\/ca\/wp-json\/wp\/v2\/posts\/2969\/revisions"}],"predecessor-version":[{"id":3940,"href":"https:\/\/whatmkt.com\/ca\/wp-json\/wp\/v2\/posts\/2969\/revisions\/3940"}],"wp:featuredmedia":[{"embeddable":true,"href":"https:\/\/whatmkt.com\/ca\/wp-json\/wp\/v2\/media\/3093"}],"wp:attachment":[{"href":"https:\/\/whatmkt.com\/ca\/wp-json\/wp\/v2\/media?parent=2969"}],"wp:term":[{"taxonomy":"category","embeddable":true,"href":"https:\/\/whatmkt.com\/ca\/wp-json\/wp\/v2\/categories?post=2969"},{"taxonomy":"post_tag","embeddable":true,"href":"https:\/\/whatmkt.com\/ca\/wp-json\/wp\/v2\/tags?post=2969"}],"curies":[{"name":"wp","href":"https:\/\/api.w.org\/{rel}","templated":true}]}}